{"id":1098,"date":"2017-11-07T11:33:46","date_gmt":"2017-11-07T10:33:46","guid":{"rendered":"http:\/\/www.biso.fr\/?p=1098"},"modified":"2017-11-08T09:43:31","modified_gmt":"2017-11-08T08:43:31","slug":"du-changement-pour-la-vitrerie-du","status":"publish","type":"post","link":"https:\/\/www.biso-aquitaine.fr\/index.php\/2017\/11\/07\/du-changement-pour-la-vitrerie-du\/","title":{"rendered":"Du changement pour la vitrerie du CNES"},"content":{"rendered":"\t\t<div data-elementor-type=\"wp-post\" data-elementor-id=\"1098\" class=\"elementor elementor-1098 elementor-bc-flex-widget\">\n\t\t\t\t\t\t<section class=\"elementor-section elementor-top-section elementor-element elementor-element-fhvjjmh elementor-section-boxed elementor-section-height-default elementor-section-height-default\" data-id=\"fhvjjmh\" data-element_type=\"section\">\n\t\t\t\t\t\t<div class=\"elementor-container elementor-column-gap-default\">\n\t\t\t\t\t<div class=\"elementor-column elementor-col-100 elementor-top-column elementor-element elementor-element-sppcoig\" data-id=\"sppcoig\" data-element_type=\"column\">\n\t\t\t<div class=\"elementor-widget-wrap elementor-element-populated\">\n\t\t\t\t\t\t<div class=\"elementor-element elementor-element-gsmpthw elementor-widget elementor-widget-text-editor\" data-id=\"gsmpthw\" data-element_type=\"widget\" data-widget_type=\"text-editor.default\">\n\t\t\t\t<div class=\"elementor-widget-container\">\n\t\t\t\t\t\t\t\t\tLe Centre National des Etudes Spaciales s&rsquo;\u00e9quipe du system H20 Indoor pour le nettoyage de sa vitrerie.\t\t\t\t\t\t\t\t<\/div>\n\t\t\t\t<\/div>\n\t\t\t\t\t<\/div>\n\t\t<\/div>\n\t\t\t\t\t<\/div>\n\t\t<\/section>\n\t\t\t\t<\/div>\n\t\t","protected":false},"excerpt":{"rendered":"<div class=\"slide-text-bg2\"><span>Le Centre National des Etudes Spaciales s&rsquo;\u00e9quipe du system H20 Indoor pour le nettoyage de sa vitrerie.<\/span><\/div>\n","protected":false},"author":2,"featured_media":1099,"comment_status":"closed","ping_status":"closed","sticky":false,"template":"","format":"standard","meta":{"footnotes":""},"categories":[1],"tags":[],"class_list":["post-1098","post","type-post","status-publish","format-standard","has-post-thumbnail","hentry","category-non-classe"],"yoast_head":"<!-- This site is optimized with the Yoast SEO plugin v26.8 - https:\/\/yoast.com\/product\/yoast-seo-wordpress\/ -->\n<title>Du changement pour la vitrerie du CNES -<\/title>\n<meta name=\"robots\" content=\"index, follow, max-snippet:-1, max-image-preview:large, max-video-preview:-1\" \/>\n<link rel=\"canonical\" href=\"https:\/\/www.biso-aquitaine.fr\/index.php\/2017\/11\/07\/du-changement-pour-la-vitrerie-du\/\" \/>\n<meta property=\"og:locale\" content=\"fr_FR\" \/>\n<meta property=\"og:type\" content=\"article\" \/>\n<meta property=\"og:title\" content=\"Du changement pour la vitrerie du CNES -\" \/>\n<meta property=\"og:description\" content=\"Le Centre National des Etudes Spaciales s&rsquo;\u00e9quipe du system H20 Indoor pour le nettoyage de sa vitrerie.\" \/>\n<meta property=\"og:url\" content=\"https:\/\/www.biso-aquitaine.fr\/index.php\/2017\/11\/07\/du-changement-pour-la-vitrerie-du\/\" \/>\n<meta property=\"article:publisher\" content=\"https:\/\/www.facebook.com\/apfn-hygi%c3%a8ne-145838925596381\/?ref=bookmarks\" \/>\n<meta property=\"article:published_time\" content=\"2017-11-07T10:33:46+00:00\" \/>\n<meta property=\"article:modified_time\" content=\"2017-11-08T08:43:31+00:00\" \/>\n<meta property=\"og:image\" content=\"https:\/\/www.biso-aquitaine.fr\/wp-content\/uploads\/2017\/11\/Nos-actualit\u00e9s.png\" \/>\n\t<meta property=\"og:image:width\" content=\"940\" \/>\n\t<meta property=\"og:image:height\" content=\"788\" \/>\n\t<meta property=\"og:image:type\" content=\"image\/png\" \/>\n<meta name=\"author\" content=\"C\u00e9line Geffroy\" \/>\n<meta name=\"twitter:card\" content=\"summary_large_image\" \/>\n<meta name=\"twitter:label1\" content=\"\u00c9crit par\" \/>\n\t<meta name=\"twitter:data1\" content=\"C\u00e9line Geffroy\" \/>\n<script type=\"application\/ld+json\" class=\"yoast-schema-graph\">{\"@context\":\"https:\/\/schema.org\",\"@graph\":[{\"@type\":\"Article\",\"@id\":\"https:\/\/www.biso-aquitaine.fr\/index.php\/2017\/11\/07\/du-changement-pour-la-vitrerie-du\/#article\",\"isPartOf\":{\"@id\":\"https:\/\/www.biso-aquitaine.fr\/index.php\/2017\/11\/07\/du-changement-pour-la-vitrerie-du\/\"},\"author\":{\"name\":\"C\u00e9line Geffroy\",\"@id\":\"https:\/\/www.biso-aquitaine.fr\/#\/schema\/person\/c83c8fdef6e6dfc0165776631b6a456e\"},\"headline\":\"Du changement pour la vitrerie du CNES\",\"datePublished\":\"2017-11-07T10:33:46+00:00\",\"dateModified\":\"2017-11-08T08:43:31+00:00\",\"mainEntityOfPage\":{\"@id\":\"https:\/\/www.biso-aquitaine.fr\/index.php\/2017\/11\/07\/du-changement-pour-la-vitrerie-du\/\"},\"wordCount\":25,\"image\":{\"@id\":\"https:\/\/www.biso-aquitaine.fr\/index.php\/2017\/11\/07\/du-changement-pour-la-vitrerie-du\/#primaryimage\"},\"thumbnailUrl\":\"https:\/\/www.biso-aquitaine.fr\/wp-content\/uploads\/2017\/11\/Nos-actualit\u00e9s.png\",\"inLanguage\":\"fr-FR\"},{\"@type\":\"WebPage\",\"@id\":\"https:\/\/www.biso-aquitaine.fr\/index.php\/2017\/11\/07\/du-changement-pour-la-vitrerie-du\/\",\"url\":\"https:\/\/www.biso-aquitaine.fr\/index.php\/2017\/11\/07\/du-changement-pour-la-vitrerie-du\/\",\"name\":\"Du changement pour la vitrerie du CNES -\",\"isPartOf\":{\"@id\":\"https:\/\/www.biso-aquitaine.fr\/#website\"},\"primaryImageOfPage\":{\"@id\":\"https:\/\/www.biso-aquitaine.fr\/index.php\/2017\/11\/07\/du-changement-pour-la-vitrerie-du\/#primaryimage\"},\"image\":{\"@id\":\"https:\/\/www.biso-aquitaine.fr\/index.php\/2017\/11\/07\/du-changement-pour-la-vitrerie-du\/#primaryimage\"},\"thumbnailUrl\":\"https:\/\/www.biso-aquitaine.fr\/wp-content\/uploads\/2017\/11\/Nos-actualit\u00e9s.png\",\"datePublished\":\"2017-11-07T10:33:46+00:00\",\"dateModified\":\"2017-11-08T08:43:31+00:00\",\"author\":{\"@id\":\"https:\/\/www.biso-aquitaine.fr\/#\/schema\/person\/c83c8fdef6e6dfc0165776631b6a456e\"},\"inLanguage\":\"fr-FR\",\"potentialAction\":[{\"@type\":\"ReadAction\",\"target\":[\"https:\/\/www.biso-aquitaine.fr\/index.php\/2017\/11\/07\/du-changement-pour-la-vitrerie-du\/\"]}]},{\"@type\":\"ImageObject\",\"inLanguage\":\"fr-FR\",\"@id\":\"https:\/\/www.biso-aquitaine.fr\/index.php\/2017\/11\/07\/du-changement-pour-la-vitrerie-du\/#primaryimage\",\"url\":\"https:\/\/www.biso-aquitaine.fr\/wp-content\/uploads\/2017\/11\/Nos-actualit\u00e9s.png\",\"contentUrl\":\"https:\/\/www.biso-aquitaine.fr\/wp-content\/uploads\/2017\/11\/Nos-actualit\u00e9s.png\",\"width\":940,\"height\":788},{\"@type\":\"WebSite\",\"@id\":\"https:\/\/www.biso-aquitaine.fr\/#website\",\"url\":\"https:\/\/www.biso-aquitaine.fr\/\",\"name\":\"\",\"description\":\"\",\"potentialAction\":[{\"@type\":\"SearchAction\",\"target\":{\"@type\":\"EntryPoint\",\"urlTemplate\":\"https:\/\/www.biso-aquitaine.fr\/?s={search_term_string}\"},\"query-input\":{\"@type\":\"PropertyValueSpecification\",\"valueRequired\":true,\"valueName\":\"search_term_string\"}}],\"inLanguage\":\"fr-FR\"},{\"@type\":\"Person\",\"@id\":\"https:\/\/www.biso-aquitaine.fr\/#\/schema\/person\/c83c8fdef6e6dfc0165776631b6a456e\",\"name\":\"C\u00e9line Geffroy\",\"image\":{\"@type\":\"ImageObject\",\"inLanguage\":\"fr-FR\",\"@id\":\"https:\/\/www.biso-aquitaine.fr\/#\/schema\/person\/image\/\",\"url\":\"https:\/\/secure.gravatar.com\/avatar\/6dc1b710c037d595ffff17e020878d750c3ec7c40edeabb65a9aff9b511cc43c?s=96&d=mm&r=g\",\"contentUrl\":\"https:\/\/secure.gravatar.com\/avatar\/6dc1b710c037d595ffff17e020878d750c3ec7c40edeabb65a9aff9b511cc43c?s=96&d=mm&r=g\",\"caption\":\"C\u00e9line Geffroy\"},\"url\":\"https:\/\/www.biso-aquitaine.fr\/index.php\/author\/celine\/\"}]}<\/script>\n<!-- \/ Yoast SEO plugin. -->","yoast_head_json":{"title":"Du changement pour la vitrerie du CNES -","robots":{"index":"index","follow":"follow","max-snippet":"max-snippet:-1","max-image-preview":"max-image-preview:large","max-video-preview":"max-video-preview:-1"},"canonical":"https:\/\/www.biso-aquitaine.fr\/index.php\/2017\/11\/07\/du-changement-pour-la-vitrerie-du\/","og_locale":"fr_FR","og_type":"article","og_title":"Du changement pour la vitrerie du CNES -","og_description":"Le Centre National des Etudes Spaciales s&rsquo;\u00e9quipe du system H20 Indoor pour le nettoyage de sa vitrerie.","og_url":"https:\/\/www.biso-aquitaine.fr\/index.php\/2017\/11\/07\/du-changement-pour-la-vitrerie-du\/","article_publisher":"https:\/\/www.facebook.com\/apfn-hygi%c3%a8ne-145838925596381\/?ref=bookmarks","article_published_time":"2017-11-07T10:33:46+00:00","article_modified_time":"2017-11-08T08:43:31+00:00","og_image":[{"width":940,"height":788,"url":"https:\/\/www.biso-aquitaine.fr\/wp-content\/uploads\/2017\/11\/Nos-actualit\u00e9s.png","type":"image\/png"}],"author":"C\u00e9line Geffroy","twitter_card":"summary_large_image","twitter_misc":{"\u00c9crit par":"C\u00e9line Geffroy"},"schema":{"@context":"https:\/\/schema.org","@graph":[{"@type":"Article","@id":"https:\/\/www.biso-aquitaine.fr\/index.php\/2017\/11\/07\/du-changement-pour-la-vitrerie-du\/#article","isPartOf":{"@id":"https:\/\/www.biso-aquitaine.fr\/index.php\/2017\/11\/07\/du-changement-pour-la-vitrerie-du\/"},"author":{"name":"C\u00e9line Geffroy","@id":"https:\/\/www.biso-aquitaine.fr\/#\/schema\/person\/c83c8fdef6e6dfc0165776631b6a456e"},"headline":"Du changement pour la vitrerie du CNES","datePublished":"2017-11-07T10:33:46+00:00","dateModified":"2017-11-08T08:43:31+00:00","mainEntityOfPage":{"@id":"https:\/\/www.biso-aquitaine.fr\/index.php\/2017\/11\/07\/du-changement-pour-la-vitrerie-du\/"},"wordCount":25,"image":{"@id":"https:\/\/www.biso-aquitaine.fr\/index.php\/2017\/11\/07\/du-changement-pour-la-vitrerie-du\/#primaryimage"},"thumbnailUrl":"https:\/\/www.biso-aquitaine.fr\/wp-content\/uploads\/2017\/11\/Nos-actualit\u00e9s.png","inLanguage":"fr-FR"},{"@type":"WebPage","@id":"https:\/\/www.biso-aquitaine.fr\/index.php\/2017\/11\/07\/du-changement-pour-la-vitrerie-du\/","url":"https:\/\/www.biso-aquitaine.fr\/index.php\/2017\/11\/07\/du-changement-pour-la-vitrerie-du\/","name":"Du changement pour la vitrerie du CNES -","isPartOf":{"@id":"https:\/\/www.biso-aquitaine.fr\/#website"},"primaryImageOfPage":{"@id":"https:\/\/www.biso-aquitaine.fr\/index.php\/2017\/11\/07\/du-changement-pour-la-vitrerie-du\/#primaryimage"},"image":{"@id":"https:\/\/www.biso-aquitaine.fr\/index.php\/2017\/11\/07\/du-changement-pour-la-vitrerie-du\/#primaryimage"},"thumbnailUrl":"https:\/\/www.biso-aquitaine.fr\/wp-content\/uploads\/2017\/11\/Nos-actualit\u00e9s.png","datePublished":"2017-11-07T10:33:46+00:00","dateModified":"2017-11-08T08:43:31+00:00","author":{"@id":"https:\/\/www.biso-aquitaine.fr\/#\/schema\/person\/c83c8fdef6e6dfc0165776631b6a456e"},"inLanguage":"fr-FR","potentialAction":[{"@type":"ReadAction","target":["https:\/\/www.biso-aquitaine.fr\/index.php\/2017\/11\/07\/du-changement-pour-la-vitrerie-du\/"]}]},{"@type":"ImageObject","inLanguage":"fr-FR","@id":"https:\/\/www.biso-aquitaine.fr\/index.php\/2017\/11\/07\/du-changement-pour-la-vitrerie-du\/#primaryimage","url":"https:\/\/www.biso-aquitaine.fr\/wp-content\/uploads\/2017\/11\/Nos-actualit\u00e9s.png","contentUrl":"https:\/\/www.biso-aquitaine.fr\/wp-content\/uploads\/2017\/11\/Nos-actualit\u00e9s.png","width":940,"height":788},{"@type":"WebSite","@id":"https:\/\/www.biso-aquitaine.fr\/#website","url":"https:\/\/www.biso-aquitaine.fr\/","name":"","description":"","potentialAction":[{"@type":"SearchAction","target":{"@type":"EntryPoint","urlTemplate":"https:\/\/www.biso-aquitaine.fr\/?s={search_term_string}"},"query-input":{"@type":"PropertyValueSpecification","valueRequired":true,"valueName":"search_term_string"}}],"inLanguage":"fr-FR"},{"@type":"Person","@id":"https:\/\/www.biso-aquitaine.fr\/#\/schema\/person\/c83c8fdef6e6dfc0165776631b6a456e","name":"C\u00e9line Geffroy","image":{"@type":"ImageObject","inLanguage":"fr-FR","@id":"https:\/\/www.biso-aquitaine.fr\/#\/schema\/person\/image\/","url":"https:\/\/secure.gravatar.com\/avatar\/6dc1b710c037d595ffff17e020878d750c3ec7c40edeabb65a9aff9b511cc43c?s=96&d=mm&r=g","contentUrl":"https:\/\/secure.gravatar.com\/avatar\/6dc1b710c037d595ffff17e020878d750c3ec7c40edeabb65a9aff9b511cc43c?s=96&d=mm&r=g","caption":"C\u00e9line Geffroy"},"url":"https:\/\/www.biso-aquitaine.fr\/index.php\/author\/celine\/"}]}},"jetpack_featured_media_url":"https:\/\/www.biso-aquitaine.fr\/wp-content\/uploads\/2017\/11\/Nos-actualit\u00e9s.png","_links":{"self":[{"href":"https:\/\/www.biso-aquitaine.fr\/index.php\/wp-json\/wp\/v2\/posts\/1098","targetHints":{"allow":["GET"]}}],"collection":[{"href":"https:\/\/www.biso-aquitaine.fr\/index.php\/wp-json\/wp\/v2\/posts"}],"about":[{"href":"https:\/\/www.biso-aquitaine.fr\/index.php\/wp-json\/wp\/v2\/types\/post"}],"author":[{"embeddable":true,"href":"https:\/\/www.biso-aquitaine.fr\/index.php\/wp-json\/wp\/v2\/users\/2"}],"replies":[{"embeddable":true,"href":"https:\/\/www.biso-aquitaine.fr\/index.php\/wp-json\/wp\/v2\/comments?post=1098"}],"version-history":[{"count":4,"href":"https:\/\/www.biso-aquitaine.fr\/index.php\/wp-json\/wp\/v2\/posts\/1098\/revisions"}],"predecessor-version":[{"id":1103,"href":"https:\/\/www.biso-aquitaine.fr\/index.php\/wp-json\/wp\/v2\/posts\/1098\/revisions\/1103"}],"wp:featuredmedia":[{"embeddable":true,"href":"https:\/\/www.biso-aquitaine.fr\/index.php\/wp-json\/wp\/v2\/media\/1099"}],"wp:attachment":[{"href":"https:\/\/www.biso-aquitaine.fr\/index.php\/wp-json\/wp\/v2\/media?parent=1098"}],"wp:term":[{"taxonomy":"category","embeddable":true,"href":"https:\/\/www.biso-aquitaine.fr\/index.php\/wp-json\/wp\/v2\/categories?post=1098"},{"taxonomy":"post_tag","embeddable":true,"href":"https:\/\/www.biso-aquitaine.fr\/index.php\/wp-json\/wp\/v2\/tags?post=1098"}],"curies":[{"name":"wp","href":"https:\/\/api.w.org\/{rel}","templated":true}]}}